{"id":8142,"date":"2026-02-27T11:52:45","date_gmt":"2026-02-27T10:52:45","guid":{"rendered":"https:\/\/www.awo-jugendwerk-lsa.de\/awowp\/?p=8142"},"modified":"2026-02-27T11:53:23","modified_gmt":"2026-02-27T10:53:23","slug":"stellenausschreibung-jugendbildungsreferentin-m-w-d","status":"publish","type":"post","link":"https:\/\/www.awo-jugendwerk-lsa.de\/awowp\/2026\/02\/stellenausschreibung-jugendbildungsreferentin-m-w-d\/","title":{"rendered":"Stellenausschreibung\u00a0Jugendbildungsreferent*in\u00a0(m\/w\/d)"},"content":{"rendered":"\n<p>Das Landesjugendwerk der AWO Sachsen-Anhalt e.V. ist der unabh\u00e4ngige Kinder- und Jugendverband der Arbeiterwohlfahrt in Sachsen-Anhalt und landesweit anerkannter Tr\u00e4ger der freien Jugendhilfe nach \u00a7 75 KJHG. Wir sind Tr\u00e4ger des Freiwilligen Sozialen Jahres (FSJ) und des Bundesfreiwilligendienstes (BFD), Tr\u00e4ger der au\u00dferschulischen Jugendbildung, der offenen Jugendarbeit sowie Tr\u00e4ger von Schulsozialarbeit und Kita-Sozialarbeit.&nbsp;<\/p>\n\n\n\n<p>Wir sind politisch und konfessionell unabh\u00e4ngig. Bei uns engagieren sich junge Menschen f\u00fcr junge Menschen. Als landesweit agierender Jugendverband treten wir f\u00fcr eine tolerante, offene und gerechte Gesellschaft ein und engagieren uns als politische Interessenvertretung von Kindern und Jugendlichen f\u00fcr deren st\u00e4rkere Beteiligung in allen Lebensbereichen. Unsere Grundwerte Solidarit\u00e4t, Freiheit, Gerechtigkeit, Gleichheit, Emanzipation und Toleranz sind dabei Grundlage unseres Handelns.&nbsp;<\/p>\n\n\n\n<p>Ein Hauptarbeitsfeld des Landesjugendwerkes der AWO ist die au\u00dferschulische Jugendbildung. In diesem Bereich werden von uns u.a. Seminare, Workshops und Gedenkst\u00e4ttenfahrten f\u00fcr Jugendliche und junge Erwachsene bis 27 Jahre sowie f\u00fcr ehrenamtliche Multiplikator*innen und Mitarbeiter*innen der Kinder- und Jugendarbeit organisiert und durchgef\u00fchrt.&nbsp;<\/p>\n\n\n\n<p>Zur Umsetzung dieser Aufgaben suchen wir zum 01.06.2026 eine*n&nbsp;<\/p>\n\n\n\n<p><strong>Jugendbildungsreferent*in\u00a0<\/strong><\/p>\n\n\n\n<p>Die Stelle umfasst eine Wochenarbeitszeit von 20 Stunden, eine Aufstockung ist m\u00f6glich. Der Arbeitsplatz liegt in Magdeburg. Im selben Arbeitsbereich sind drei weitere Hauptamtliche t\u00e4tig.&nbsp;<\/p>\n\n\n\n<p>Die Stelle ist zun\u00e4chst bis zum 31.12.2027 befristet, wird jedoch bei entsprechender F\u00f6rdermittelzusage verl\u00e4ngert.&nbsp;<\/p>\n\n\n\n<p><\/p>\n\n\n\n<p><strong>Aufgaben:\u00a0<\/strong><\/p>\n\n\n\n<p>\u2022 Konzeptionierung, Planung, Durchf\u00fchrung und Nachbereitung von Seminaren und Workshops f\u00fcr Kinder und Jugendliche sowie Multiplikator*innen der Kinder- und Jugendarbeit&nbsp;<\/p>\n\n\n\n<p>\u2022 Entwicklung von bedarfsgerechten Bildungskonzepten und Weiterbildungsprogrammen&nbsp;<\/p>\n\n\n\n<p>\u2022 Beantragung, Verwendung und Abrechnung von F\u00f6rdermitteln, Einwerbung von Projektmitteln&nbsp;<\/p>\n\n\n\n<p>\u2022 Pflege und Weiterentwicklung der \u00d6ffentlichkeitsarbeit&nbsp;<\/p>\n\n\n\n<p>\u2022 Vertretung des Landesjugendwerkes in Kooperationen und Netzwerken&nbsp;<\/p>\n\n\n\n<p>\u2022 Planung und Durchf\u00fchrung von Fachveranstaltungen und Arbeitskreisen&nbsp;<\/p>\n\n\n\n<p>\u2022 Anleitung von Freiwilligen und Praktikant*innen&nbsp;<\/p>\n\n\n\n<p>\u2022 Teilnahme an Fortbildungen und Fachtagungen&nbsp;<\/p>\n\n\n\n<p><\/p>\n\n\n\n<p><strong>Erwartungen:\u00a0<\/strong><\/p>\n\n\n\n<ul class=\"wp-block-list\">\n<li>abgeschlossenes Hochschulstudium (Uni\/FH) vorzugsweise in sozialer Arbeit, (Sozial)P\u00e4dagogik oder Erziehungswissenschaften\u00a0<\/li>\n\n\n\n<li>Vertrautheit mit den Strukturen und Inhalten der Jugend(verbands)arbeit, der au\u00dferschulischen Jugendbildung sowie mit Partizipationsprozessen\u00a0<\/li>\n\n\n\n<li>hohes Einf\u00fchlungsverm\u00f6gen und Lust auf die Arbeit mit Jugendlichen und Erwachsenen\u00a0<\/li>\n\n\n\n<li>Erfahrungen in der \u00d6ffentlichkeitsarbeit und Interessensvertretung\u00a0<\/li>\n\n\n\n<li>Kenntnisse in Projektmanagement und Verwaltung\u00a0<\/li>\n\n\n\n<li>Begeisterung f\u00fcr Kinder- und Jugendpolitik\u00a0<\/li>\n\n\n\n<li>Interesse an der Mitarbeit in einem politisch-engagierten Jugendverband\u00a0<\/li>\n\n\n\n<li>Bereitschaft zur flexiblen Arbeitszeitgestaltung\u00a0<\/li>\n\n\n\n<li>sicheres Auftreten, Teamf\u00e4higkeit, Kontaktfreude, Organisations- und\u00a0<\/li>\n\n\n\n<li>Kommunikationsgeschick sowie F\u00e4higkeit zur Selbstreflexion&nbsp;<\/li>\n\n\n\n<li>Einsatzbereitschaft, Flexibilit\u00e4t, Bereitschaft zur Innovation\u00a0<\/li>\n\n\n\n<li>gute EDV-Kenntnisse, sichere Rechtschreibkenntnisse, F\u00fchrerschein Klasse B\u00a0<\/li>\n\n\n\n<li>Kenntnisse und Erfahrungen in der Mittelakquise und -abrechnung\u00a0<\/li>\n\n\n\n<li>Identifikation mit den Zielen und Grunds\u00e4tzen des Jugendwerkes der AWO und der Arbeiterwohlfahrt\u00a0<\/li>\n<\/ul>\n\n\n\n<p><\/p>\n\n\n\n<p><strong>Wir bieten:\u00a0<\/strong><\/p>\n\n\n\n<ul class=\"wp-block-list\">\n<li>eine interessante und vielseitige T\u00e4tigkeit mit hohem Ma\u00df an Eigenverantwortung und der M\u00f6glichkeit, eigene Ideen einzubringen und umzusetzen\u00a0<\/li>\n\n\n\n<li>einen engagierten, jungen Vorstand und ein motiviertes Team\u00a0<\/li>\n\n\n\n<li>M\u00f6glichkeiten des fachlichen Austausches, der Supervision und f\u00fcr Fortbildungen\u00a0<\/li>\n\n\n\n<li>die M\u00f6glichkeit, das ausgeschriebene Arbeitsfeld und die Arbeit des Landesjugendwerkes der AWO aktiv mitzugestalten\u00a0<\/li>\n\n\n\n<li>eine leistungsgerechte Verg\u00fctung nach TVL inkl. Jahressonderzahlung\u00a0<\/li>\n\n\n\n<li>30 Tage Jahresurlaub\u00a0<\/li>\n\n\n\n<li>M\u00f6glichkeit der Nutzung des Deutschlandtickets Job (mit AG-Anteil)\u00a0<\/li>\n<\/ul>\n\n\n\n<p><\/p>\n\n\n\n<p><strong>Klingt interessant?\u00a0<\/strong><\/p>\n\n\n\n<p>Dann freuen wir uns auf Deine Bewerbung bis zum 30.03.2026 \u2013 bitte per E-Mail mit EINER PDF-Datei als Anhang an:&nbsp;<\/p>\n\n\n\n<p>Landesjugendwerk der AWO Sachsen-Anhalt e.V.&nbsp;<\/p>\n\n\n\n<p>Tom Bruchholz, Gesch\u00e4ftsf\u00fchrer&nbsp;<\/p>\n\n\n\n<p>Sch\u00f6nebecker Stra\u00dfe 82-84&nbsp;<\/p>\n\n\n\n<p>39104 Magdeburg&nbsp;<\/p>\n\n\n\n<p>Telefon: 0391-83 80 90 44 E-Mail: Post@AWO-Jugendwerk-LSA.de&nbsp;<\/p>\n\n\n\n<p>F\u00fcr R\u00fcckfragen stehen wir gern zur Verf\u00fcgung.&nbsp;<\/p>\n\n\n\n<p><\/p>\n","protected":false},"excerpt":{"rendered":"<p>Das Landesjugendwerk der AWO Sachsen-Anhalt e.V. ist der unabh\u00e4ngige Kinder- und Jugendverband der Arbeiterwohlfahrt in Sachsen-Anhalt und landesweit anerkannter Tr\u00e4ger der freien Jugendhilfe nach \u00a7 75 KJHG. Wir sind Tr\u00e4ger des Freiwilligen Sozialen Jahres (FSJ) und des Bundesfreiwilligendienstes (BFD), Tr\u00e4ger der au\u00dferschulischen Jugendbildung, der offenen Jugendarbeit sowie Tr\u00e4ger von Schulsozialarbeit und Kita-Sozialarbeit.&nbsp; Wir sind politisch <a class=\"more-link\" href=\"https:\/\/www.awo-jugendwerk-lsa.de\/awowp\/2026\/02\/stellenausschreibung-jugendbildungsreferentin-m-w-d\/\">weiterlesen&#8230;<\/a><\/p>\n","protected":false},"author":15,"featured_media":6769,"comment_status":"open","ping_status":"open","sticky":false,"template":"","format":"standard","meta":{"_EventAllDay":false,"_EventTimezone":"","_EventStartDate":"","_EventEndDate":"","_EventStartDateUTC":"","_EventEndDateUTC":"","_EventShowMap":false,"_EventShowMapLink":false,"_EventURL":"","_EventCost":"","_EventCostDescription":"","_EventCurrencySymbol":"","_EventCurrencyCode":"","_EventCurrencyPosition":"","_EventDateTimeSeparator":"","_EventTimeRangeSeparator":"","_EventOrganizerID":[],"_EventVenueID":[],"_OrganizerEmail":"","_OrganizerPhone":"","_OrganizerWebsite":"","_VenueAddress":"","_VenueCity":"","_VenueCountry":"","_VenueProvince":"","_VenueState":"","_VenueZip":"","_VenuePhone":"","_VenueURL":"","_VenueStateProvince":"","_VenueLat":"","_VenueLng":"","_VenueShowMap":false,"_VenueShowMapLink":false,"footnotes":""},"categories":[3],"tags":[],"class_list":["post-8142","post","type-post","status-publish","format-standard","has-post-thumbnail","hentry","category-events"],"_links":{"self":[{"href":"https:\/\/www.awo-jugendwerk-lsa.de\/awowp\/wp-json\/wp\/v2\/posts\/8142","targetHints":{"allow":["GET"]}}],"collection":[{"href":"https:\/\/www.awo-jugendwerk-lsa.de\/awowp\/wp-json\/wp\/v2\/posts"}],"about":[{"href":"https:\/\/www.awo-jugendwerk-lsa.de\/awowp\/wp-json\/wp\/v2\/types\/post"}],"author":[{"embeddable":true,"href":"https:\/\/www.awo-jugendwerk-lsa.de\/awowp\/wp-json\/wp\/v2\/users\/15"}],"replies":[{"embeddable":true,"href":"https:\/\/www.awo-jugendwerk-lsa.de\/awowp\/wp-json\/wp\/v2\/comments?post=8142"}],"version-history":[{"count":1,"href":"https:\/\/www.awo-jugendwerk-lsa.de\/awowp\/wp-json\/wp\/v2\/posts\/8142\/revisions"}],"predecessor-version":[{"id":8143,"href":"https:\/\/www.awo-jugendwerk-lsa.de\/awowp\/wp-json\/wp\/v2\/posts\/8142\/revisions\/8143"}],"wp:featuredmedia":[{"embeddable":true,"href":"https:\/\/www.awo-jugendwerk-lsa.de\/awowp\/wp-json\/wp\/v2\/media\/6769"}],"wp:attachment":[{"href":"https:\/\/www.awo-jugendwerk-lsa.de\/awowp\/wp-json\/wp\/v2\/media?parent=8142"}],"wp:term":[{"taxonomy":"category","embeddable":true,"href":"https:\/\/www.awo-jugendwerk-lsa.de\/awowp\/wp-json\/wp\/v2\/categories?post=8142"},{"taxonomy":"post_tag","embeddable":true,"href":"https:\/\/www.awo-jugendwerk-lsa.de\/awowp\/wp-json\/wp\/v2\/tags?post=8142"}],"curies":[{"name":"wp","href":"https:\/\/api.w.org\/{rel}","templated":true}]}}