{"id":7507,"date":"2024-09-05T10:37:11","date_gmt":"2024-09-05T09:37:11","guid":{"rendered":"https:\/\/www.awo-jugendwerk-lsa.de\/awowp\/?p=7507"},"modified":"2024-09-05T10:39:35","modified_gmt":"2024-09-05T09:39:35","slug":"workshop-reflect-act-rassismuskritische-haltungen-weiterentwickeln","status":"publish","type":"post","link":"https:\/\/www.awo-jugendwerk-lsa.de\/awowp\/2024\/09\/workshop-reflect-act-rassismuskritische-haltungen-weiterentwickeln\/","title":{"rendered":"Workshop: &#8222;Reflect &amp; Act &#8211; Rassismuskritische Haltungen weiterentwickeln&#8220;"},"content":{"rendered":"\n<p><img loading=\"lazy\" decoding=\"async\" class=\"alignnone size-full wp-image-7509\" src=\"https:\/\/www.awo-jugendwerk-lsa.de\/awowp\/wp-content\/uploads\/2024\/09\/ReflectandAct.png\" alt=\"\" width=\"814\" height=\"578\" srcset=\"https:\/\/www.awo-jugendwerk-lsa.de\/awowp\/wp-content\/uploads\/2024\/09\/ReflectandAct.png 814w, https:\/\/www.awo-jugendwerk-lsa.de\/awowp\/wp-content\/uploads\/2024\/09\/ReflectandAct-300x213.png 300w, https:\/\/www.awo-jugendwerk-lsa.de\/awowp\/wp-content\/uploads\/2024\/09\/ReflectandAct-768x545.png 768w, https:\/\/www.awo-jugendwerk-lsa.de\/awowp\/wp-content\/uploads\/2024\/09\/ReflectandAct-24x17.png 24w, https:\/\/www.awo-jugendwerk-lsa.de\/awowp\/wp-content\/uploads\/2024\/09\/ReflectandAct-36x26.png 36w, https:\/\/www.awo-jugendwerk-lsa.de\/awowp\/wp-content\/uploads\/2024\/09\/ReflectandAct-48x34.png 48w\" sizes=\"auto, (max-width: 814px) 100vw, 814px\" \/><\/p>\n\n\n\n<p style=\"font-weight: 400;\">Rassismus ist t\u00e4gliche Realit\u00e4t. Er ist kein alleiniges Problem rechtsextremer Gruppen, sondern gesamtgesellschaftliche Tatsache. Rassistisches und diskriminierendes Handeln muss keiner Absicht folgen und zeigt sich auf allen Ebenen des Zusammenlebens. Beispielsweise Ungleichbehandlungen bei der Wohnungs- und Jobsuche, in Form von Racial Profiling oder in Vorstellungen wie deutsche Staatsb\u00fcrger*innen aussehen. F\u00fcr die Betroffenen sind die Folgen wiederkehrender Diskriminierungserfahrungen verheerend.<\/p>\n<p style=\"font-weight: 400;\">Als Sozialarbeiter*innen\/ Berater*innen\/ Engagierte ist es uns ein wichtiges Anliegen, sichere R\u00e4ume zu schaffen und Vertrauen zu unseren Klient*innen aufzubauen. Doch: Welche Anforderungen stellt ein rassismuskritischer Blick an die Praxis? Wie lassen sich diese in menschenrechtsorientierte und auf Partizipation ausgerichtete Pr\u00e4ventions-, Beratungs- und Unterst\u00fctzungsarbeit integrieren?<\/p>\n<p style=\"font-weight: 400;\">Diese und weitere Fragen wollen wir im Workshop <strong>&#8222;Reflect &amp; Act &#8211; Rassismuskritische Haltung weiterentwickeln&#8220;<\/strong> bearbeiten. Der Workshop wird von der Initiative &#8218;Haltung zeigen &#8211; Vielfalt st\u00e4rken&#8216; und Trainer Angelo Camufingo durchgef\u00fchrt.<\/p>\n<p style=\"font-weight: 400;\">\u00a0<\/p>\n<p style=\"font-weight: 400;\"><strong>Eckdaten<\/strong><\/p>\n<p style=\"font-weight: 400;\">Wann? 30.September 2024 von 09:00 Uhr bis 16:30 Uhr<\/p>\n<p style=\"font-weight: 400;\">Wo? AWO Landesverband Sachsen-Anhalt e.V. , Seepark 7, 39116 Magdeburg<\/p>\n<p style=\"font-weight: 400;\">Was noch? Der Workshop ist kostenlos. F\u00fcr ein (vegetarisches) Mittagessen wird gesorgt<\/p>\n<p style=\"font-weight: 400;\">\u00a0<\/p>\n<p style=\"font-weight: 400;\"><strong>Inhalt<\/strong><\/p>\n<p style=\"font-weight: 400;\">1) Was ist Rassismus (wirklich)?<\/p>\n<ul>\n<li>Grundlagen Rassismen und Diskriminierung<\/li>\n<li>Rassismus &amp; Diskriminierung verstehen \u2013 gesellschaftlich, geschichtlich, im Arbeitskontext<br \/><br \/><\/li>\n<\/ul>\n<p style=\"font-weight: 400;\">2) Was hat Rassismus mit mir zu tun? \u2013 Rassismuskritik als Kompetenz<\/p>\n<ul>\n<li>Eigene Identit\u00e4t<\/li>\n<li>Gesellschaftliche Positionierungen, Selbstreflexion &amp; Privilegien<\/li>\n<li>Gesellschaft und gesellschaftliche Positionierungen intersektional verstehen<br \/><br \/><\/li>\n<\/ul>\n<p style=\"font-weight: 400;\">3) Welche Wirkung hat Rassismus in der Arbeit?<\/p>\n<ul>\n<li>Rassismuskritische Kompetenz &amp; Haltung<\/li>\n<li>Praxisreflexion: Wie unterst\u00fctze und handle ich rassismuskritisch<\/li>\n<li>Antirassistische Ma\u00dfnahmen in meiner Arbeit<\/li>\n<\/ul>\n<p style=\"font-weight: 400;\">\u00a0<\/p>\n<p style=\"font-weight: 400;\"><strong>Referent:<\/strong><\/p>\n<p style=\"font-weight: 400;\">Angelo Camufingo vereint als Berater, Stratege, Trainer und Supervisor umfassendes Fachwissen und praktische Erfahrung in den Bereichen Diversit\u00e4t, Equity und Inklusion sowie Organisationsentwicklung. Seit 2017 hat Angelo in diversen Projekten und Organisationen auf nationaler und internationaler Ebene gearbeitet. Er unterst\u00fctzt regelm\u00e4\u00dfig unterschiedlich gro\u00dfe und verschieden zusammengesetzte Teams, von Ehrenamtlichen bis zu F\u00fchrungskr\u00e4ften. Aktuell ist er Projektleiter des KomPAD (Kompetenznetzwerk Anti-Schwarzer Rassismus) bei Each One Teach One (EOTO) e.V.<\/p>\n<p style=\"font-weight: 400;\">Interessierte sind herzlich um <strong>Anmeldung bis zum 24.08.2024<\/strong> unter <a href=\"mailto:p.franzelius@awo-jugendwerk-lsa.de\">p.franzelius@awo-jugendwerk-lsa.de<\/a>gebeten.<\/p>\n<p style=\"font-weight: 400;\">\u00a0<\/p>\n<p style=\"font-weight: 400;\">Hinweise zur Mobilit\u00e4t oder Versorgungsw\u00fcnsche sendet ihr uns bitte mit eurer Anmeldung.<\/p>\n<p style=\"font-weight: 400;\">Wir freuen uns auf einen regen Austausch!<\/p>\n<p style=\"font-weight: 400;\">Mit freundlichen Gr\u00fc\u00dfen<\/p>\n","protected":false},"excerpt":{"rendered":"<p>Rassismus ist t\u00e4gliche Realit\u00e4t. Er ist kein alleiniges Problem rechtsextremer Gruppen, sondern gesamtgesellschaftliche Tatsache. Rassistisches und diskriminierendes Handeln muss keiner Absicht folgen und zeigt sich auf allen Ebenen des Zusammenlebens. Beispielsweise Ungleichbehandlungen bei der Wohnungs- und Jobsuche, in Form von Racial Profiling oder in Vorstellungen wie deutsche Staatsb\u00fcrger*innen aussehen. F\u00fcr die Betroffenen sind die Folgen <a class=\"more-link\" href=\"https:\/\/www.awo-jugendwerk-lsa.de\/awowp\/2024\/09\/workshop-reflect-act-rassismuskritische-haltungen-weiterentwickeln\/\">weiterlesen&#8230;<\/a><\/p>\n","protected":false},"author":15,"featured_media":7510,"comment_status":"open","ping_status":"open","sticky":false,"template":"","format":"standard","meta":{"_EventAllDay":false,"_EventTimezone":"","_EventStartDate":"","_EventEndDate":"","_EventStartDateUTC":"","_EventEndDateUTC":"","_EventShowMap":false,"_EventShowMapLink":false,"_EventURL":"","_EventCost":"","_EventCostDescription":"","_EventCurrencySymbol":"","_EventCurrencyCode":"","_EventCurrencyPosition":"","_EventDateTimeSeparator":"","_EventTimeRangeSeparator":"","_EventOrganizerID":[],"_EventVenueID":[],"_OrganizerEmail":"","_OrganizerPhone":"","_OrganizerWebsite":"","_VenueAddress":"","_VenueCity":"","_VenueCountry":"","_VenueProvince":"","_VenueState":"","_VenueZip":"","_VenuePhone":"","_VenueURL":"","_VenueStateProvince":"","_VenueLat":"","_VenueLng":"","_VenueShowMap":false,"_VenueShowMapLink":false,"footnotes":""},"categories":[3],"tags":[],"class_list":["post-7507","post","type-post","status-publish","format-standard","has-post-thumbnail","hentry","category-events"],"_links":{"self":[{"href":"https:\/\/www.awo-jugendwerk-lsa.de\/awowp\/wp-json\/wp\/v2\/posts\/7507","targetHints":{"allow":["GET"]}}],"collection":[{"href":"https:\/\/www.awo-jugendwerk-lsa.de\/awowp\/wp-json\/wp\/v2\/posts"}],"about":[{"href":"https:\/\/www.awo-jugendwerk-lsa.de\/awowp\/wp-json\/wp\/v2\/types\/post"}],"author":[{"embeddable":true,"href":"https:\/\/www.awo-jugendwerk-lsa.de\/awowp\/wp-json\/wp\/v2\/users\/15"}],"replies":[{"embeddable":true,"href":"https:\/\/www.awo-jugendwerk-lsa.de\/awowp\/wp-json\/wp\/v2\/comments?post=7507"}],"version-history":[{"count":2,"href":"https:\/\/www.awo-jugendwerk-lsa.de\/awowp\/wp-json\/wp\/v2\/posts\/7507\/revisions"}],"predecessor-version":[{"id":7511,"href":"https:\/\/www.awo-jugendwerk-lsa.de\/awowp\/wp-json\/wp\/v2\/posts\/7507\/revisions\/7511"}],"wp:featuredmedia":[{"embeddable":true,"href":"https:\/\/www.awo-jugendwerk-lsa.de\/awowp\/wp-json\/wp\/v2\/media\/7510"}],"wp:attachment":[{"href":"https:\/\/www.awo-jugendwerk-lsa.de\/awowp\/wp-json\/wp\/v2\/media?parent=7507"}],"wp:term":[{"taxonomy":"category","embeddable":true,"href":"https:\/\/www.awo-jugendwerk-lsa.de\/awowp\/wp-json\/wp\/v2\/categories?post=7507"},{"taxonomy":"post_tag","embeddable":true,"href":"https:\/\/www.awo-jugendwerk-lsa.de\/awowp\/wp-json\/wp\/v2\/tags?post=7507"}],"curies":[{"name":"wp","href":"https:\/\/api.w.org\/{rel}","templated":true}]}}