{"id":6331,"date":"2021-05-19T20:46:31","date_gmt":"2021-05-19T19:46:31","guid":{"rendered":"https:\/\/www.awo-jugendwerk-lsa.de\/awowp\/?p=6331"},"modified":"2022-02-10T10:38:49","modified_gmt":"2022-02-10T09:38:49","slug":"%e2%96%aa%e2%96%aa%e2%96%aa-jugendliche-geben-politik-hausaufgaben-mit-%e2%96%aa%e2%96%aa%e2%96%aa","status":"publish","type":"post","link":"https:\/\/www.awo-jugendwerk-lsa.de\/awowp\/2021\/05\/%e2%96%aa%e2%96%aa%e2%96%aa-jugendliche-geben-politik-hausaufgaben-mit-%e2%96%aa%e2%96%aa%e2%96%aa\/","title":{"rendered":"Jugendliche geben Politiker*innen Hausaufgaben mit"},"content":{"rendered":"\n<div class=\"o9v6fnle cxmmr5t8 oygrvhab hcukyx3x c1et5uql ii04i59q\">\n<div dir=\"auto\">\n<h6>Magdeburg, 12.05.2021<\/h6>\nDie Kinder und Jugendlichen aus AWO-Jugendclubs haben auf der digitalen Fachkonferenz gestern Politiker*innen, die zur Landtagswahl am 06.06.2021 kandidieren, einige Hausaufgaben zur offenen Jugendarbeit f\u00fcr die n\u00e4chsten 5 Jahre mitgegeben.<\/div>\n<div dir=\"auto\"><a href=\"https:\/\/www.awo-jugendwerk-lsa.de\/awowp\/wp-content\/uploads\/2021\/05\/20210511_Fachkonferenz-Jugendclubs.jpg\" rel=\"lightbox[6331]\"><img loading=\"lazy\" decoding=\"async\" class=\"alignleft size-medium wp-image-6332\" src=\"https:\/\/www.awo-jugendwerk-lsa.de\/awowp\/wp-content\/uploads\/2021\/05\/20210511_Fachkonferenz-Jugendclubs-300x213.jpg\" alt=\"\" width=\"300\" height=\"213\" \/><\/a><\/div>\n<\/div>\n<div class=\"o9v6fnle cxmmr5t8 oygrvhab hcukyx3x c1et5uql ii04i59q\">\n<div dir=\"auto\">\u00a0<\/div>\n<div dir=\"auto\">Wichtig war den Jugendlichen dabei u.a. eine bessere digitale Ausstattung ihrer Clubs, eine gesicherte Zukunft ihrer Einrichtung, mehr p\u00e4dagogische Fachkr\u00e4fte sowie deren angemessene Bezahlung.<\/div>\n<div dir=\"auto\">\u00a0<\/div>\n<div dir=\"auto\">Ein weiteres Thema war die unzureichende \u00d6PNV-Anbindung im l\u00e4ndlichen Raum. Jugendliche m\u00fcssen oft Veranstaltungen vorzeitig verlassen, um den letzten Bus nach Hause zu schaffen. Am Wochenende kommen sie oft gar nicht in ihren Jugendclub, da kein einziger Bus f\u00e4hrt. <\/div>\n<div dir=\"auto\">\u00a0<\/div>\n<\/div>\n<div class=\"o9v6fnle cxmmr5t8 oygrvhab hcukyx3x c1et5uql ii04i59q\">\n<div dir=\"auto\">Deutlich wurde auch, wie wichtig den Jugendlichen gerade in der Corona-Pandemie ihre Clubs sind, da sie dort jenseits von Schule Freir\u00e4ume haben, um sich mit Freunden zu treffen, sich in ihrer Freizeit auszuprobieren und eigene Ideen zu verwirklichen.<\/div>\n<div dir=\"auto\"><a href=\"https:\/\/www.awo-jugendwerk-lsa.de\/awowp\/wp-content\/uploads\/2021\/05\/Foto-Zoom.jpg\" rel=\"lightbox[6331]\"><img loading=\"lazy\" decoding=\"async\" class=\"size-medium wp-image-6333 alignright\" src=\"https:\/\/www.awo-jugendwerk-lsa.de\/awowp\/wp-content\/uploads\/2021\/05\/Foto-Zoom-300x171.jpg\" alt=\"\" width=\"300\" height=\"171\" srcset=\"https:\/\/www.awo-jugendwerk-lsa.de\/awowp\/wp-content\/uploads\/2021\/05\/Foto-Zoom-300x171.jpg 300w, https:\/\/www.awo-jugendwerk-lsa.de\/awowp\/wp-content\/uploads\/2021\/05\/Foto-Zoom-1024x583.jpg 1024w, https:\/\/www.awo-jugendwerk-lsa.de\/awowp\/wp-content\/uploads\/2021\/05\/Foto-Zoom-768x437.jpg 768w, https:\/\/www.awo-jugendwerk-lsa.de\/awowp\/wp-content\/uploads\/2021\/05\/Foto-Zoom-1536x875.jpg 1536w, https:\/\/www.awo-jugendwerk-lsa.de\/awowp\/wp-content\/uploads\/2021\/05\/Foto-Zoom.jpg 1570w\" sizes=\"auto, (max-width: 300px) 100vw, 300px\" \/><\/a><\/div>\n<div dir=\"auto\">\u00a0<\/div>\n<\/div>\n<div class=\"o9v6fnle cxmmr5t8 oygrvhab hcukyx3x c1et5uql ii04i59q\">\n<div dir=\"auto\">Wir danken allen Teilnehmer*innen aus den Jugendclubs f\u00fcr die Einblicke in die Situation vor Ort und ihre Fragen sowie den anwesenden Politiker*innen <span class=\"nc684nl6\">Eva von Angern,<\/span> <span class=\"nc684nl6\">Katharina Zacharias,<\/span> <span class=\"nc684nl6\">Tobias Krull,<\/span> <span class=\"nc684nl6\">Konstantin Pott,<\/span> und Mirko Wolf f\u00fcrs Zuh\u00f6ren und f\u00fcr ihre Statements.<\/div>\n<div dir=\"auto\" style=\"text-align: right;\">\u00a0<\/div>\n<\/div>\n","protected":false},"excerpt":{"rendered":"<p>Magdeburg, 12.05.2021 Die Kinder und Jugendlichen aus AWO-Jugendclubs haben auf der digitalen Fachkonferenz gestern Politiker*innen, die zur Landtagswahl am 06.06.2021 kandidieren, einige Hausaufgaben zur offenen Jugendarbeit f\u00fcr die n\u00e4chsten 5 Jahre mitgegeben. \u00a0 Wichtig war den Jugendlichen dabei u.a. eine bessere digitale Ausstattung ihrer Clubs, eine gesicherte Zukunft ihrer Einrichtung, mehr p\u00e4dagogische Fachkr\u00e4fte sowie deren <a class=\"more-link\" href=\"https:\/\/www.awo-jugendwerk-lsa.de\/awowp\/2021\/05\/%e2%96%aa%e2%96%aa%e2%96%aa-jugendliche-geben-politik-hausaufgaben-mit-%e2%96%aa%e2%96%aa%e2%96%aa\/\">weiterlesen&#8230;<\/a><\/p>\n","protected":false},"author":2,"featured_media":0,"comment_status":"open","ping_status":"open","sticky":false,"template":"","format":"standard","meta":{"_EventAllDay":false,"_EventTimezone":"","_EventStartDate":"","_EventEndDate":"","_EventStartDateUTC":"","_EventEndDateUTC":"","_EventShowMap":false,"_EventShowMapLink":false,"_EventURL":"","_EventCost":"","_EventCostDescription":"","_EventCurrencySymbol":"","_EventCurrencyCode":"","_EventCurrencyPosition":"","_EventDateTimeSeparator":"","_EventTimeRangeSeparator":"","_EventOrganizerID":[],"_EventVenueID":[],"_OrganizerEmail":"","_OrganizerPhone":"","_OrganizerWebsite":"","_VenueAddress":"","_VenueCity":"","_VenueCountry":"","_VenueProvince":"","_VenueState":"","_VenueZip":"","_VenuePhone":"","_VenueURL":"","_VenueStateProvince":"","_VenueLat":"","_VenueLng":"","_VenueShowMap":false,"_VenueShowMapLink":false,"footnotes":""},"categories":[3],"tags":[],"class_list":["post-6331","post","type-post","status-publish","format-standard","hentry","category-events"],"_links":{"self":[{"href":"https:\/\/www.awo-jugendwerk-lsa.de\/awowp\/wp-json\/wp\/v2\/posts\/6331","targetHints":{"allow":["GET"]}}],"collection":[{"href":"https:\/\/www.awo-jugendwerk-lsa.de\/awowp\/wp-json\/wp\/v2\/posts"}],"about":[{"href":"https:\/\/www.awo-jugendwerk-lsa.de\/awowp\/wp-json\/wp\/v2\/types\/post"}],"author":[{"embeddable":true,"href":"https:\/\/www.awo-jugendwerk-lsa.de\/awowp\/wp-json\/wp\/v2\/users\/2"}],"replies":[{"embeddable":true,"href":"https:\/\/www.awo-jugendwerk-lsa.de\/awowp\/wp-json\/wp\/v2\/comments?post=6331"}],"version-history":[{"count":5,"href":"https:\/\/www.awo-jugendwerk-lsa.de\/awowp\/wp-json\/wp\/v2\/posts\/6331\/revisions"}],"predecessor-version":[{"id":6363,"href":"https:\/\/www.awo-jugendwerk-lsa.de\/awowp\/wp-json\/wp\/v2\/posts\/6331\/revisions\/6363"}],"wp:attachment":[{"href":"https:\/\/www.awo-jugendwerk-lsa.de\/awowp\/wp-json\/wp\/v2\/media?parent=6331"}],"wp:term":[{"taxonomy":"category","embeddable":true,"href":"https:\/\/www.awo-jugendwerk-lsa.de\/awowp\/wp-json\/wp\/v2\/categories?post=6331"},{"taxonomy":"post_tag","embeddable":true,"href":"https:\/\/www.awo-jugendwerk-lsa.de\/awowp\/wp-json\/wp\/v2\/tags?post=6331"}],"curies":[{"name":"wp","href":"https:\/\/api.w.org\/{rel}","templated":true}]}}