{"id":5012,"date":"2017-07-20T13:17:11","date_gmt":"2017-07-20T12:17:11","guid":{"rendered":"http:\/\/www.awo-jugendwerk-lsa.de\/awowp\/?p=5012"},"modified":"2017-08-04T12:19:16","modified_gmt":"2017-08-04T11:19:16","slug":"unsere-abenteuerwoche-in-kamern-ein-rueckblick","status":"publish","type":"post","link":"https:\/\/www.awo-jugendwerk-lsa.de\/awowp\/2017\/07\/unsere-abenteuerwoche-in-kamern-ein-rueckblick\/","title":{"rendered":"Abenteuer- und Kreativwoche in Kamern &#8211; ein R\u00fcckblick"},"content":{"rendered":"<h6 style=\"text-align: justify;\"><img loading=\"lazy\" decoding=\"async\" class=\"aligncenter wp-image-5003\" src=\"https:\/\/www.awo-jugendwerk-lsa.de\/awowp\/wp-content\/uploads\/2017\/07\/9-header.jpg\" alt=\"\" width=\"550\" height=\"334\" srcset=\"https:\/\/www.awo-jugendwerk-lsa.de\/awowp\/wp-content\/uploads\/2017\/07\/9-header.jpg 800w, https:\/\/www.awo-jugendwerk-lsa.de\/awowp\/wp-content\/uploads\/2017\/07\/9-header-300x182.jpg 300w, https:\/\/www.awo-jugendwerk-lsa.de\/awowp\/wp-content\/uploads\/2017\/07\/9-header-768x467.jpg 768w\" sizes=\"auto, (max-width: 550px) 100vw, 550px\" \/>Magdeburg. 19.7.2017<\/h6>\n<p style=\"text-align: justify;\">Im Juli verbrachten wir mit 23 Kindern und Jugendlichen aus ganz Sachsen Anhalt eine spannende, kreative und abenteuerliche Woche im <a href=\"https:\/\/www.elbhavelnatur.de\/\" target=\"_blank\" rel=\"noopener noreferrer\">Gr\u00fcnen Haus in Kamern<\/a> in der N\u00e4he von Havelberg. Die Ferienwoche stand unter dem Motto der 4 Elemente; Feuer, Wasser, Erde und Luft. So widmeten wir uns jeden Tag den vier Elementen und erlebten zahlreiche kleine und gro\u00dfe Abenteuer.<\/p>\n<p style=\"text-align: justify;\">Da das Gr\u00fcne Haus in Kamern direkt am See liegt, lag es nicht fern, dass wir viel Zeit im Element Wasser verbrachten. Entweder fuhren wir mit den Kanus hinaus oder plantschten vergn\u00fcgt im Wasser, denn das Wetter war uns wohlgesonnen und so hatten wir fast die ganze Woche Sonnenschein.<\/p>\n<p style=\"text-align: justify;\"><img loading=\"lazy\" decoding=\"async\" class=\"aligncenter wp-image-5005\" src=\"https:\/\/www.awo-jugendwerk-lsa.de\/awowp\/wp-content\/uploads\/2017\/07\/2-300x200.jpg\" alt=\"\" width=\"550\" height=\"366\" srcset=\"https:\/\/www.awo-jugendwerk-lsa.de\/awowp\/wp-content\/uploads\/2017\/07\/2-300x200.jpg 300w, https:\/\/www.awo-jugendwerk-lsa.de\/awowp\/wp-content\/uploads\/2017\/07\/2-768x512.jpg 768w, https:\/\/www.awo-jugendwerk-lsa.de\/awowp\/wp-content\/uploads\/2017\/07\/2.jpg 800w\" sizes=\"auto, (max-width: 550px) 100vw, 550px\" \/><\/p>\n<p style=\"text-align: justify;\"><img loading=\"lazy\" decoding=\"async\" class=\"aligncenter wp-image-5006\" src=\"https:\/\/www.awo-jugendwerk-lsa.de\/awowp\/wp-content\/uploads\/2017\/07\/3.jpg\" alt=\"\" width=\"550\" height=\"336\" srcset=\"https:\/\/www.awo-jugendwerk-lsa.de\/awowp\/wp-content\/uploads\/2017\/07\/3.jpg 800w, https:\/\/www.awo-jugendwerk-lsa.de\/awowp\/wp-content\/uploads\/2017\/07\/3-300x183.jpg 300w, https:\/\/www.awo-jugendwerk-lsa.de\/awowp\/wp-content\/uploads\/2017\/07\/3-768x469.jpg 768w\" sizes=\"auto, (max-width: 550px) 100vw, 550px\" \/><\/p>\n<p style=\"text-align: justify;\">Am Mittwoch besuchten wir das Haus der Fl\u00fcsse<!--more--> in Havelberg. Hier durften wir auf Entdeckungsreise gehen. Untersucht haben wir die Wiesen und T\u00fcmpel auf ihre zahlreichen kleinen Bewohner*innen. Es ist mega spannend, kleine Wasserl\u00e4ufer, R\u00fcckenschwimmer oder Spinnen unter dem Mikroskop zu beobachten.<\/p>\n<p style=\"text-align: justify;\"><img loading=\"lazy\" decoding=\"async\" class=\"aligncenter wp-image-5008\" src=\"https:\/\/www.awo-jugendwerk-lsa.de\/awowp\/wp-content\/uploads\/2017\/07\/5.jpg\" alt=\"\" width=\"550\" height=\"391\" srcset=\"https:\/\/www.awo-jugendwerk-lsa.de\/awowp\/wp-content\/uploads\/2017\/07\/5.jpg 800w, https:\/\/www.awo-jugendwerk-lsa.de\/awowp\/wp-content\/uploads\/2017\/07\/5-300x213.jpg 300w, https:\/\/www.awo-jugendwerk-lsa.de\/awowp\/wp-content\/uploads\/2017\/07\/5-768x545.jpg 768w\" sizes=\"auto, (max-width: 550px) 100vw, 550px\" \/><\/p>\n<p style=\"text-align: justify;\"><img loading=\"lazy\" decoding=\"async\" class=\"aligncenter wp-image-5009\" src=\"https:\/\/www.awo-jugendwerk-lsa.de\/awowp\/wp-content\/uploads\/2017\/07\/6.jpg\" alt=\"\" width=\"550\" height=\"374\" srcset=\"https:\/\/www.awo-jugendwerk-lsa.de\/awowp\/wp-content\/uploads\/2017\/07\/6.jpg 800w, https:\/\/www.awo-jugendwerk-lsa.de\/awowp\/wp-content\/uploads\/2017\/07\/6-300x204.jpg 300w, https:\/\/www.awo-jugendwerk-lsa.de\/awowp\/wp-content\/uploads\/2017\/07\/6-768x522.jpg 768w\" sizes=\"auto, (max-width: 550px) 100vw, 550px\" \/><\/p>\n<p style=\"text-align: justify;\"><img loading=\"lazy\" decoding=\"async\" class=\"aligncenter wp-image-5010\" src=\"https:\/\/www.awo-jugendwerk-lsa.de\/awowp\/wp-content\/uploads\/2017\/07\/7.jpg\" alt=\"\" width=\"550\" height=\"363\" srcset=\"https:\/\/www.awo-jugendwerk-lsa.de\/awowp\/wp-content\/uploads\/2017\/07\/7.jpg 800w, https:\/\/www.awo-jugendwerk-lsa.de\/awowp\/wp-content\/uploads\/2017\/07\/7-300x198.jpg 300w, https:\/\/www.awo-jugendwerk-lsa.de\/awowp\/wp-content\/uploads\/2017\/07\/7-768x507.jpg 768w\" sizes=\"auto, (max-width: 550px) 100vw, 550px\" \/><\/p>\n<p style=\"text-align: justify;\">Beim Schnitzen von Holzelementen, Feuerholz sammeln und Feuer entz\u00fcnden haben wir total die Zeit vergessen und waren richtig vertieft in unsere T\u00e4tigkeiten. Entstanden sind wundersch\u00f6ne Holzobjekte, wirklich tolle Erinnungst\u00fccke an die sch\u00f6ne Ferienwoche.<\/p>\n<p style=\"text-align: justify;\"><img loading=\"lazy\" decoding=\"async\" class=\"aligncenter wp-image-5014\" src=\"https:\/\/www.awo-jugendwerk-lsa.de\/awowp\/wp-content\/uploads\/2017\/07\/11.jpg\" alt=\"\" width=\"550\" height=\"363\" srcset=\"https:\/\/www.awo-jugendwerk-lsa.de\/awowp\/wp-content\/uploads\/2017\/07\/11.jpg 800w, https:\/\/www.awo-jugendwerk-lsa.de\/awowp\/wp-content\/uploads\/2017\/07\/11-300x198.jpg 300w, https:\/\/www.awo-jugendwerk-lsa.de\/awowp\/wp-content\/uploads\/2017\/07\/11-768x507.jpg 768w\" sizes=\"auto, (max-width: 550px) 100vw, 550px\" \/><\/p>\n<p style=\"text-align: justify;\"><img loading=\"lazy\" decoding=\"async\" class=\"aligncenter wp-image-5013\" src=\"https:\/\/www.awo-jugendwerk-lsa.de\/awowp\/wp-content\/uploads\/2017\/07\/10.jpg\" alt=\"\" width=\"550\" height=\"359\" srcset=\"https:\/\/www.awo-jugendwerk-lsa.de\/awowp\/wp-content\/uploads\/2017\/07\/10.jpg 800w, https:\/\/www.awo-jugendwerk-lsa.de\/awowp\/wp-content\/uploads\/2017\/07\/10-300x196.jpg 300w, https:\/\/www.awo-jugendwerk-lsa.de\/awowp\/wp-content\/uploads\/2017\/07\/10-768x501.jpg 768w\" sizes=\"auto, (max-width: 550px) 100vw, 550px\" \/><\/p>\n<p style=\"text-align: justify;\"><img loading=\"lazy\" decoding=\"async\" class=\"aligncenter wp-image-5007\" src=\"https:\/\/www.awo-jugendwerk-lsa.de\/awowp\/wp-content\/uploads\/2017\/07\/4.jpg\" alt=\"\" width=\"550\" height=\"355\" srcset=\"https:\/\/www.awo-jugendwerk-lsa.de\/awowp\/wp-content\/uploads\/2017\/07\/4.jpg 800w, https:\/\/www.awo-jugendwerk-lsa.de\/awowp\/wp-content\/uploads\/2017\/07\/4-300x194.jpg 300w, https:\/\/www.awo-jugendwerk-lsa.de\/awowp\/wp-content\/uploads\/2017\/07\/4-768x495.jpg 768w\" sizes=\"auto, (max-width: 550px) 100vw, 550px\" \/><\/p>\n<p style=\"text-align: justify;\">Auf jeden Fall hatten wir richtig viel Spa\u00df und Langeweile war ein Fremdwort f\u00fcr uns, denn auch eine Nachtwanderung, ein Besuch in der Druckwerkstatt oder auch das Basteln von Reisetageb\u00fcchern stand auf unserem Programm. So war wirklich f\u00fcr jede und jeden etwas dabei.<\/p>\n<p style=\"text-align: justify;\"><img loading=\"lazy\" decoding=\"async\" class=\"aligncenter wp-image-5011\" src=\"https:\/\/www.awo-jugendwerk-lsa.de\/awowp\/wp-content\/uploads\/2017\/07\/8.jpg\" alt=\"\" width=\"550\" height=\"375\" srcset=\"https:\/\/www.awo-jugendwerk-lsa.de\/awowp\/wp-content\/uploads\/2017\/07\/8.jpg 800w, https:\/\/www.awo-jugendwerk-lsa.de\/awowp\/wp-content\/uploads\/2017\/07\/8-300x205.jpg 300w, https:\/\/www.awo-jugendwerk-lsa.de\/awowp\/wp-content\/uploads\/2017\/07\/8-768x524.jpg 768w\" sizes=\"auto, (max-width: 550px) 100vw, 550px\" \/><\/p>\n<p style=\"text-align: justify;\"><img loading=\"lazy\" decoding=\"async\" class=\"aligncenter wp-image-5004\" src=\"https:\/\/www.awo-jugendwerk-lsa.de\/awowp\/wp-content\/uploads\/2017\/07\/1.jpg\" alt=\"\" width=\"550\" height=\"344\" srcset=\"https:\/\/www.awo-jugendwerk-lsa.de\/awowp\/wp-content\/uploads\/2017\/07\/1.jpg 800w, https:\/\/www.awo-jugendwerk-lsa.de\/awowp\/wp-content\/uploads\/2017\/07\/1-300x188.jpg 300w, https:\/\/www.awo-jugendwerk-lsa.de\/awowp\/wp-content\/uploads\/2017\/07\/1-768x480.jpg 768w\" sizes=\"auto, (max-width: 550px) 100vw, 550px\" \/><\/p>\n<p style=\"text-align: justify;\">Die Ferienwoche ging viel zu schnell vorbei. Wir haben super viel erlebt und es sind wirklich dicke Freund*innenschaften entstanden.<\/p>\n<p style=\"text-align: justify;\">Wir freuen uns schon riesig auf die n\u00e4chsten Herbstferien. Da sehen wir endlich alle wieder!<\/p>\n<p>&nbsp;<\/p>\n","protected":false},"excerpt":{"rendered":"<p>Magdeburg. 19.7.2017 Im Juli verbrachten wir mit 23 Kindern und Jugendlichen aus ganz Sachsen Anhalt eine spannende, kreative und abenteuerliche Woche im Gr\u00fcnen Haus in Kamern in der N\u00e4he von Havelberg. Die Ferienwoche stand unter dem Motto der 4 Elemente; Feuer, Wasser, Erde und Luft. So widmeten wir uns jeden Tag den vier Elementen und <a class=\"more-link\" href=\"https:\/\/www.awo-jugendwerk-lsa.de\/awowp\/2017\/07\/unsere-abenteuerwoche-in-kamern-ein-rueckblick\/\">weiterlesen&#8230;<\/a><\/p>\n","protected":false},"author":15,"featured_media":0,"comment_status":"open","ping_status":"open","sticky":false,"template":"","format":"standard","meta":{"_EventAllDay":false,"_EventTimezone":"","_EventStartDate":"","_EventEndDate":"","_EventStartDateUTC":"","_EventEndDateUTC":"","_EventShowMap":false,"_EventShowMapLink":false,"_EventURL":"","_EventCost":"","_EventCostDescription":"","_EventCurrencySymbol":"","_EventCurrencyCode":"","_EventCurrencyPosition":"","_EventDateTimeSeparator":"","_EventTimeRangeSeparator":"","_EventOrganizerID":[],"_EventVenueID":[],"_OrganizerEmail":"","_OrganizerPhone":"","_OrganizerWebsite":"","_VenueAddress":"","_VenueCity":"","_VenueCountry":"","_VenueProvince":"","_VenueState":"","_VenueZip":"","_VenuePhone":"","_VenueURL":"","_VenueStateProvince":"","_VenueLat":"","_VenueLng":"","_VenueShowMap":false,"_VenueShowMapLink":false,"footnotes":""},"categories":[5],"tags":[174,47,173,167,128,141,171,172,166,169,164,170,46,165,168,56,163],"class_list":["post-5012","post","type-post","status-publish","format-standard","hentry","category-jugendbildung","tag-abenteuer","tag-awo","tag-chillen","tag-elb-havel-winkel","tag-ferien","tag-freizeit","tag-freizeitspass","tag-fun","tag-gruenes-haus","tag-havel","tag-havelberg","tag-jugendliche","tag-jugendwerk","tag-kamern","tag-kanu-fahren","tag-sachsen-anhalt","tag-sommer"],"_links":{"self":[{"href":"https:\/\/www.awo-jugendwerk-lsa.de\/awowp\/wp-json\/wp\/v2\/posts\/5012","targetHints":{"allow":["GET"]}}],"collection":[{"href":"https:\/\/www.awo-jugendwerk-lsa.de\/awowp\/wp-json\/wp\/v2\/posts"}],"about":[{"href":"https:\/\/www.awo-jugendwerk-lsa.de\/awowp\/wp-json\/wp\/v2\/types\/post"}],"author":[{"embeddable":true,"href":"https:\/\/www.awo-jugendwerk-lsa.de\/awowp\/wp-json\/wp\/v2\/users\/15"}],"replies":[{"embeddable":true,"href":"https:\/\/www.awo-jugendwerk-lsa.de\/awowp\/wp-json\/wp\/v2\/comments?post=5012"}],"version-history":[{"count":5,"href":"https:\/\/www.awo-jugendwerk-lsa.de\/awowp\/wp-json\/wp\/v2\/posts\/5012\/revisions"}],"predecessor-version":[{"id":5064,"href":"https:\/\/www.awo-jugendwerk-lsa.de\/awowp\/wp-json\/wp\/v2\/posts\/5012\/revisions\/5064"}],"wp:attachment":[{"href":"https:\/\/www.awo-jugendwerk-lsa.de\/awowp\/wp-json\/wp\/v2\/media?parent=5012"}],"wp:term":[{"taxonomy":"category","embeddable":true,"href":"https:\/\/www.awo-jugendwerk-lsa.de\/awowp\/wp-json\/wp\/v2\/categories?post=5012"},{"taxonomy":"post_tag","embeddable":true,"href":"https:\/\/www.awo-jugendwerk-lsa.de\/awowp\/wp-json\/wp\/v2\/tags?post=5012"}],"curies":[{"name":"wp","href":"https:\/\/api.w.org\/{rel}","templated":true}]}}