{"id":6907,"global_id":"www.awo-jugendwerk-lsa.de\/awowp?id=6907","global_id_lineage":["www.awo-jugendwerk-lsa.de\/awowp?id=6907"],"author":"24","status":"publish","date":"2023-03-22 11:57:22","date_utc":"2023-03-22 10:57:22","modified":"2023-04-17 09:39:01","modified_utc":"2023-04-17 08:39:01","url":"https:\/\/www.awo-jugendwerk-lsa.de\/awowp\/event\/zweitaetiges-ferienprojekt-mobile-jugend-20-07-21-07-23\/","rest_url":"https:\/\/www.awo-jugendwerk-lsa.de\/awowp\/wp-json\/tribe\/events\/v1\/events\/6907","title":"Zweit\u00e4giges Ferienprojekt Mobile Jugend","description":"<div  class=\"tribe-events-schedule tribe-clearfix\" >\n\t<p class=\"tribe-events-schedule__datetime\">\n\t\t<span class=\"tribe-events-schedule__date tribe-events-schedule__date--start\">\n\t\t\t\t\t<\/span>\n\n\t\t\t\t\t<span class=\"tribe-events-schedule__separator tribe-events-schedule__separator--date\">\n\t\t\t\t, \t\t\t<\/span>\n\t\t\t<span class=\"tribe-events-schedule__time tribe-events-schedule__time--start\">\n\t\t\t\t\t\t\t<\/span>\n\t\t\n\t\t\t<\/p>\n<\/div>\n\n\n\n<p>Ihr seid herzlich dazu eingeladen an unserem zweit\u00e4gigen Ferienprojekt ,,Mobile Jugend&#8220; teilzunehmen. Die beiden Tage sind unabh\u00e4ngig voneinander, sodass ihr auch problemlos an nur einem Tag teilnehmen k\u00f6nnt. Es wird 7 verschiedene Module geben rund ums Thema Verkehr und F\u00fchrerschein. <\/p>\n\n\n\n<p><\/p>\n\n\n\n<p>Du kannst dich am besten per E-Mail<\/p>\n\n\n\n<p>anmelden, gern aber auch per Post<\/p>\n\n\n\n<p>oder Telefon:<br><br><strong>Bildung@AWO-Jugendwerk-LSA.de<\/strong><\/p>\n\n\n\n<p><strong>Tel: 0391-40 82 90 90<\/strong><\/p>\n\n\n\n<p><strong>Fax: 0391-40 82 458<\/strong><\/p>\n\n\n\n<p><\/p>\n\n\n\n<p>Hauptverantwortlich f\u00fcr die Planung und Durchf\u00fchrung des Ferienprojekts<br>sind <strong>unsere Jugendbildungsreferent*innen<\/strong><\/p>\n\n\n\n<p><strong>Carina Lederich <\/strong>und <strong>Benjamin Kant.<\/strong><\/p>\n\n\n\n<p>Detaillierte Informationen kannst du dem <a href=\"https:\/\/www.awo-jugendwerk-lsa.de\/awowp\/wp-content\/uploads\/2023\/03\/mobile-Jugend-2.pdf\" data-type=\"URL\" data-id=\"https:\/\/www.awo-jugendwerk-lsa.de\/awowp\/wp-content\/uploads\/2023\/03\/mobile-Jugend-2.pdf\" target=\"_blank\" rel=\"noreferrer noopener\">Flyer<\/a> entnehmen.<\/p>\n\n\n\n<p><\/p>\n\n\n<div  class=\"tribe-block tribe-block__event-price\" >\n\t\t<\/div>\n\n\n\n\n<div  class=\"tribe-block tribe-block__venue tribe-clearfix\" >\n\t\n\t\t\n\t<\/div>\n\n\n\n\n\t<div  class=\"tribe-block tribe-block__events-link\" >\n\t\t<div class=\"tribe-events tribe-common\">\n\t\t\t<div class=\"tribe-events-c-subscribe-dropdown__container\">\n\t\t\t\t<div class=\"tribe-events-c-subscribe-dropdown\">\n\t\t\t\t\t<div class=\"tribe-common-c-btn-border tribe-events-c-subscribe-dropdown__button\">\n\t\t\t\t\t\t<svg\n\t class=\"tribe-common-c-svgicon tribe-common-c-svgicon--cal-export tribe-events-c-subscribe-dropdown__export-icon\" \taria-hidden=\"true\"\n\tviewBox=\"0 0 23 17\"\n\txmlns=\"http:\/\/www.w3.org\/2000\/svg\"\n>\n\t<path fill-rule=\"evenodd\" clip-rule=\"evenodd\" d=\"M.128.896V16.13c0 .211.145.383.323.383h15.354c.179 0 .323-.172.323-.383V.896c0-.212-.144-.383-.323-.383H.451C.273.513.128.684.128.896Zm16 6.742h-.901V4.679H1.009v10.729h14.218v-3.336h.901V7.638ZM1.01 1.614h14.218v2.058H1.009V1.614Z\" \/>\n\t<path d=\"M20.5 9.846H8.312M18.524 6.953l2.89 2.909-2.855 2.855\" stroke-width=\"1.2\" stroke-linecap=\"round\" stroke-linejoin=\"round\"\/>\n<\/svg>\n\t\t\t\t\t\t<button\n\t\t\t\t\t\t\tclass=\"tribe-events-c-subscribe-dropdown__button-text\"\n\t\t\t\t\t\t\taria-expanded=\"false\"\n\t\t\t\t\t\t\taria-controls=\"tribe-events-subscribe-dropdown-content\"\n\t\t\t\t\t\t\taria-label=\"Zeige Links an um Veranstaltungen zu deinem Kalender hinzuzuf\u00fcgen\"\n\t\t\t\t\t\t>\n\t\t\t\t\t\t\tZum Kalender hinzuf\u00fcgen\t\t\t\t\t\t<\/button>\n\t\t\t\t\t\t<svg\n\t class=\"tribe-common-c-svgicon tribe-common-c-svgicon--caret-down tribe-events-c-subscribe-dropdown__button-icon\" \taria-hidden=\"true\"\n\tviewBox=\"0 0 10 7\"\n\txmlns=\"http:\/\/www.w3.org\/2000\/svg\"\n>\n\t<path fill-rule=\"evenodd\" clip-rule=\"evenodd\" d=\"M1.008.609L5 4.6 8.992.61l.958.958L5 6.517.05 1.566l.958-.958z\" class=\"tribe-common-c-svgicon__svg-fill\"\/>\n<\/svg>\n\t\t\t\t\t<\/div>\n\t\t\t\t\t<div id=\"tribe-events-subscribe-dropdown-content\" class=\"tribe-events-c-subscribe-dropdown__content\">\n\t\t\t\t\t\t<ul class=\"tribe-events-c-subscribe-dropdown__list\">\n\t\t\t\t\t\t\t\t\t\t\t\t\t\t\t<li class=\"tribe-events-c-subscribe-dropdown__list-item tribe-events-c-subscribe-dropdown__list-item--gcal\">\n\t\t\t\t\t\t\t\t\t<a\n\t\t\t\t\t\t\t\t\t\thref=\"\"\n\t\t\t\t\t\t\t\t\t\tclass=\"tribe-events-c-subscribe-dropdown__list-item-link\"\n\t\t\t\t\t\t\t\t\t\ttarget=\"_blank\"\n\t\t\t\t\t\t\t\t\t\trel=\"noopener noreferrer nofollow noindex\"\n\t\t\t\t\t\t\t\t\t>\n\t\t\t\t\t\t\t\t\t\tGoogle Kalender\t\t\t\t\t\t\t\t\t<\/a>\n\t\t\t\t\t\t\t\t<\/li>\n\t\t\t\t\t\t\t\t\t\t\t\t\t\t\t<li class=\"tribe-events-c-subscribe-dropdown__list-item tribe-events-c-subscribe-dropdown__list-item--ical\">\n\t\t\t\t\t\t\t\t\t<a\n\t\t\t\t\t\t\t\t\t\thref=\"\"\n\t\t\t\t\t\t\t\t\t\tclass=\"tribe-events-c-subscribe-dropdown__list-item-link\"\n\t\t\t\t\t\t\t\t\t\ttarget=\"_blank\"\n\t\t\t\t\t\t\t\t\t\trel=\"noopener noreferrer nofollow noindex\"\n\t\t\t\t\t\t\t\t\t>\n\t\t\t\t\t\t\t\t\t\tiCalendar\t\t\t\t\t\t\t\t\t<\/a>\n\t\t\t\t\t\t\t\t<\/li>\n\t\t\t\t\t\t\t\t\t\t\t\t\t\t\t<li class=\"tribe-events-c-subscribe-dropdown__list-item tribe-events-c-subscribe-dropdown__list-item--outlook-365\">\n\t\t\t\t\t\t\t\t\t<a\n\t\t\t\t\t\t\t\t\t\thref=\"\"\n\t\t\t\t\t\t\t\t\t\tclass=\"tribe-events-c-subscribe-dropdown__list-item-link\"\n\t\t\t\t\t\t\t\t\t\ttarget=\"_blank\"\n\t\t\t\t\t\t\t\t\t\trel=\"noopener noreferrer nofollow noindex\"\n\t\t\t\t\t\t\t\t\t>\n\t\t\t\t\t\t\t\t\t\tOutlook 365\t\t\t\t\t\t\t\t\t<\/a>\n\t\t\t\t\t\t\t\t<\/li>\n\t\t\t\t\t\t\t\t\t\t\t\t\t\t\t<li class=\"tribe-events-c-subscribe-dropdown__list-item tribe-events-c-subscribe-dropdown__list-item--outlook-live\">\n\t\t\t\t\t\t\t\t\t<a\n\t\t\t\t\t\t\t\t\t\thref=\"\"\n\t\t\t\t\t\t\t\t\t\tclass=\"tribe-events-c-subscribe-dropdown__list-item-link\"\n\t\t\t\t\t\t\t\t\t\ttarget=\"_blank\"\n\t\t\t\t\t\t\t\t\t\trel=\"noopener noreferrer nofollow noindex\"\n\t\t\t\t\t\t\t\t\t>\n\t\t\t\t\t\t\t\t\t\tOutlook Live\t\t\t\t\t\t\t\t\t<\/a>\n\t\t\t\t\t\t\t\t<\/li>\n\t\t\t\t\t\t\t\t\t\t\t\t\t<\/ul>\n\t\t\t\t\t<\/div>\n\t\t\t\t<\/div>\n\t\t\t<\/div>\n\t\t<\/div>\n\t<\/div>\n\n\n\n\n<figure class=\"wp-block-gallery has-nested-images columns-default is-cropped wp-block-gallery-1 is-layout-flex wp-block-gallery-is-layout-flex\">\n<figure class=\"wp-block-image size-large\"><a href=\"https:\/\/www.awo-jugendwerk-lsa.de\/awowp\/wp-content\/uploads\/2023\/03\/neuer-Flyer-mobile-Jugend_Seite_1-1.png\" rel=\"lightbox[]\"><img loading=\"lazy\" decoding=\"async\" width=\"663\" height=\"1024\" data-id=\"6945\" src=\"https:\/\/www.awo-jugendwerk-lsa.de\/awowp\/wp-content\/uploads\/2023\/03\/neuer-Flyer-mobile-Jugend_Seite_1-1-663x1024.png\" alt=\"\" class=\"wp-image-6945\" srcset=\"https:\/\/www.awo-jugendwerk-lsa.de\/awowp\/wp-content\/uploads\/2023\/03\/neuer-Flyer-mobile-Jugend_Seite_1-1-663x1024.png 663w, https:\/\/www.awo-jugendwerk-lsa.de\/awowp\/wp-content\/uploads\/2023\/03\/neuer-Flyer-mobile-Jugend_Seite_1-1-194x300.png 194w, https:\/\/www.awo-jugendwerk-lsa.de\/awowp\/wp-content\/uploads\/2023\/03\/neuer-Flyer-mobile-Jugend_Seite_1-1-768x1187.png 768w, https:\/\/www.awo-jugendwerk-lsa.de\/awowp\/wp-content\/uploads\/2023\/03\/neuer-Flyer-mobile-Jugend_Seite_1-1-994x1536.png 994w, https:\/\/www.awo-jugendwerk-lsa.de\/awowp\/wp-content\/uploads\/2023\/03\/neuer-Flyer-mobile-Jugend_Seite_1-1-1325x2048.png 1325w, https:\/\/www.awo-jugendwerk-lsa.de\/awowp\/wp-content\/uploads\/2023\/03\/neuer-Flyer-mobile-Jugend_Seite_1-1-16x24.png 16w, https:\/\/www.awo-jugendwerk-lsa.de\/awowp\/wp-content\/uploads\/2023\/03\/neuer-Flyer-mobile-Jugend_Seite_1-1-23x36.png 23w, https:\/\/www.awo-jugendwerk-lsa.de\/awowp\/wp-content\/uploads\/2023\/03\/neuer-Flyer-mobile-Jugend_Seite_1-1-31x48.png 31w\" sizes=\"auto, (max-width: 663px) 100vw, 663px\" \/><\/a><\/figure>\n<\/figure>","excerpt":"","slug":"zweitaetiges-ferienprojekt-mobile-jugend-20-07-21-07-23","image":false,"all_day":true,"start_date":"2023-07-20 00:00:00","start_date_details":{"year":"2023","month":"07","day":"20","hour":"00","minutes":"00","seconds":"00"},"end_date":"2023-07-21 23:59:59","end_date_details":{"year":"2023","month":"07","day":"21","hour":"23","minutes":"59","seconds":"59"},"utc_start_date":"2023-07-19 22:00:00","utc_start_date_details":{"year":"2023","month":"07","day":"19","hour":"22","minutes":"00","seconds":"00"},"utc_end_date":"2023-07-21 21:59:59","utc_end_date_details":{"year":"2023","month":"07","day":"21","hour":"21","minutes":"59","seconds":"59"},"timezone":"UTC+1","timezone_abbr":"","cost":"","cost_details":{"currency_symbol":"\u20ac","currency_code":"USD","currency_position":"suffix","values":[]},"website":"","show_map":false,"show_map_link":false,"hide_from_listings":false,"sticky":false,"featured":false,"categories":[],"tags":[],"venue":[],"organizer":[],"custom_fields":[],"json_ld":{"@context":"http:\/\/schema.org","@type":"Event","name":"Zweit\u00e4giges Ferienprojekt Mobile Jugend","description":"&lt;p&gt;Ihr seid herzlich dazu eingeladen an unserem zweit\u00e4gigen Ferienprojekt ,,Mobile Jugend&quot; teilzunehmen. Die beiden Tage sind unabh\u00e4ngig voneinander, sodass ihr auch problemlos an nur einem Tag teilnehmen k\u00f6nnt. Es wird 7 verschiedene Module geben rund ums Thema Verkehr und F\u00fchrerschein. Du kannst dich am besten per E-Mail anmelden, gern aber auch per Post oder Telefon:Bildung@AWO-Jugendwerk-LSA.de &lt;a class=&quot;more-link&quot; href=&quot;https:\/\/www.awo-jugendwerk-lsa.de\/awowp\/event\/zweitaetiges-ferienprojekt-mobile-jugend-20-07-21-07-23\/&quot;&gt;weiterlesen...&lt;\/a&gt;&lt;\/p&gt;\\n","url":"https:\/\/www.awo-jugendwerk-lsa.de\/awowp\/event\/zweitaetiges-ferienprojekt-mobile-jugend-20-07-21-07-23\/","eventAttendanceMode":"https:\/\/schema.org\/OfflineEventAttendanceMode","eventStatus":"https:\/\/schema.org\/EventScheduled","startDate":"2023-07-20T00:00:00+01:00","endDate":"2023-07-21T23:59:59+01:00","performer":"Organization"}}